{"id":4237,"date":"2021-03-11T06:28:00","date_gmt":"2021-03-11T06:28:00","guid":{"rendered":"https:\/\/www.adic.cat\/?p=4237"},"modified":"2021-03-11T06:32:14","modified_gmt":"2021-03-11T06:32:14","slug":"la-diversidad-como-riqueza-en-komuner-y-en-todas-las-organizaciones","status":"publish","type":"post","link":"https:\/\/www.dic.social\/es\/la-diversidad-como-riqueza-en-komuner-y-en-todas-las-organizaciones\/","title":{"rendered":"La diversidad como riqueza en Komuner y en todas las organizaciones"},"content":{"rendered":"\t\t<div data-elementor-type=\"wp-post\" data-elementor-id=\"4237\" class=\"elementor elementor-4237 elementor-4234\">\n\t\t\t\t\t\t<div class=\"elementor-inner\">\n\t\t\t\t<div class=\"elementor-section-wrap\">\n\t\t\t\t\t\t\t\t\t<section class=\"elementor-section elementor-top-section elementor-element elementor-element-6392315 elementor-section-boxed elementor-section-height-default elementor-section-height-default\" data-id=\"6392315\" data-element_type=\"section\">\n\t\t\t\t\t\t<div class=\"elementor-container elementor-column-gap-default\">\n\t\t\t\t\t\t\t<div class=\"elementor-row\">\n\t\t\t\t\t<div class=\"elementor-column elementor-col-100 elementor-top-column elementor-element elementor-element-92414a4\" data-id=\"92414a4\" data-element_type=\"column\">\n\t\t\t<div class=\"elementor-column-wrap elementor-element-populated\">\n\t\t\t\t\t\t\t<div class=\"elementor-widget-wrap\">\n\t\t\t\t\t\t<div class=\"elementor-element elementor-element-17417dc elementor-widget elementor-widget-video\" data-id=\"17417dc\" data-element_type=\"widget\" data-settings=\"{&quot;youtube_url&quot;:&quot;https:\\\/\\\/youtu.be\\\/2GhWkahS6B8&quot;,&quot;start&quot;:0,&quot;video_type&quot;:&quot;youtube&quot;,&quot;controls&quot;:&quot;yes&quot;}\" data-widget_type=\"video.default\">\n\t\t\t\t<div class=\"elementor-widget-container\">\n\t\t\t\t\t<div class=\"elementor-wrapper elementor-open-inline\">\n\t\t\t<div class=\"elementor-video\"><\/div>\t\t<\/div>\n\t\t\t\t<\/div>\n\t\t\t\t<\/div>\n\t\t\t\t\t\t<\/div>\n\t\t\t\t\t<\/div>\n\t\t<\/div>\n\t\t\t\t\t\t\t\t<\/div>\n\t\t\t\t\t<\/div>\n\t\t<\/section>\n\t\t\t\t<section class=\"elementor-section elementor-top-section elementor-element elementor-element-23096435 elementor-section-boxed elementor-section-height-default elementor-section-height-default\" data-id=\"23096435\" data-element_type=\"section\">\n\t\t\t\t\t\t<div class=\"elementor-container elementor-column-gap-default\">\n\t\t\t\t\t\t\t<div class=\"elementor-row\">\n\t\t\t\t\t<div class=\"elementor-column elementor-col-100 elementor-top-column elementor-element elementor-element-733b8c53\" data-id=\"733b8c53\" data-element_type=\"column\">\n\t\t\t<div class=\"elementor-column-wrap elementor-element-populated\">\n\t\t\t\t\t\t\t<div class=\"elementor-widget-wrap\">\n\t\t\t\t\t\t<div class=\"elementor-element elementor-element-3df12439 elementor-widget elementor-widget-text-editor\" data-id=\"3df12439\" data-element_type=\"widget\" data-widget_type=\"text-editor.default\">\n\t\t\t\t<div class=\"elementor-widget-container\">\n\t\t\t\t\t\t\t\t<div class=\"elementor-text-editor elementor-clearfix\">\n\t\t\t\t<figure class=\"wp-block-embed-youtube wp-block-embed is-type-video is-provider-youtube wp-embed-aspect-16-9 wp-has-aspect-ratio\"><div class=\"wp-block-embed__wrapper\">\u00a0<\/div><div class=\"wp-block-embed__wrapper\">I qu\u00e8 haig de dir sobre el valor que li dono a la diversitat? si fins i tot va ser origen del meu nom!!!<\/div><\/figure><blockquote class=\"wp-block-quote is-style-large\"><p>\u00abSi busques resultats distints no facis sempre el mateix\u00bb<\/p><p><cite>Albert Einstein<\/cite><\/p><\/blockquote><p>I aquesta \u00e9s la riquesa, la diversitat permet adaptaci\u00f3 i l&#8217;adaptaci\u00f3 avui en dia \u00e9s sin\u00f2nim de superviv\u00e8ncia.<\/p><p>I qu\u00e8 necessitem per\u00a0veure-la\u00a0com un potencial i no com una dificultat?, entendre-la,\u00a0acceptar-la\u00a0i gestionar-la com un factor competitiu. D&#8217;aquesta manera la diversitat permet donar respostes\u00a0diferents de problemes\u00a0comuns.<\/p><p>Al\u00a0treballar amb persones amb discapacitat \u00e9s f\u00e0cil veure en el dia a dia que la discapacitat passa a ser capacitat si el medi ho permet,\u00a0des de\u00a0el fet m\u00e9s b\u00e0sic, tot i que encara no es compleix arreu,\u00a0com pot ser una rampa a all\u00f2 m\u00e9s\u00a0ideol\u00f2gicament\u00a0complex com pot ser una participaci\u00f3 real en la\u00a0presa\u00a0de decisions.<\/p>\t\t\t\t\t<\/div>\n\t\t\t\t\t\t<\/div>\n\t\t\t\t<\/div>\n\t\t\t\t\t\t<\/div>\n\t\t\t\t\t<\/div>\n\t\t<\/div>\n\t\t\t\t\t\t\t\t<\/div>\n\t\t\t\t\t<\/div>\n\t\t<\/section>\n\t\t\t\t<section class=\"elementor-section elementor-top-section elementor-element elementor-element-2423007 elementor-section-boxed elementor-section-height-default elementor-section-height-default\" data-id=\"2423007\" data-element_type=\"section\">\n\t\t\t\t\t\t<div class=\"elementor-container elementor-column-gap-default\">\n\t\t\t\t\t\t\t<div class=\"elementor-row\">\n\t\t\t\t\t<div class=\"elementor-column elementor-col-100 elementor-top-column elementor-element elementor-element-76fabf9\" data-id=\"76fabf9\" data-element_type=\"column\">\n\t\t\t<div class=\"elementor-column-wrap elementor-element-populated\">\n\t\t\t\t\t\t\t<div class=\"elementor-widget-wrap\">\n\t\t\t\t\t\t<div class=\"elementor-element elementor-element-6a8faab elementor-widget-divider--view-line elementor-widget elementor-widget-divider\" data-id=\"6a8faab\" data-element_type=\"widget\" data-widget_type=\"divider.default\">\n\t\t\t\t<div class=\"elementor-widget-container\">\n\t\t\t\t\t<div class=\"elementor-divider\">\n\t\t\t<span class=\"elementor-divider-separator\">\n\t\t\t\t\t\t<\/span>\n\t\t<\/div>\n\t\t\t\t<\/div>\n\t\t\t\t<\/div>\n\t\t\t\t\t\t<\/div>\n\t\t\t\t\t<\/div>\n\t\t<\/div>\n\t\t\t\t\t\t\t\t<\/div>\n\t\t\t\t\t<\/div>\n\t\t<\/section>\n\t\t\t\t\t\t\t\t\t<\/div>\n\t\t\t<\/div>\n\t\t\t\t\t<\/div>\n\t\t","protected":false},"excerpt":{"rendered":"<p>Y que tengo que decir sobre el valor que le doy a la diversidad? si incluso fue origen de mi nombre!!! \u00abSi buscas resultados distintos no hagas siempre el mismo\u00bb Albert Einstein Y esta es la riqueza, la diversidad permite adaptaci\u00f3n y la adaptaci\u00f3n hoy en d\u00eda es sin\u00f3nimo de supervivencia. Y que necesitamos para &hellip;<\/p>\n<p class=\"read-more\"> <a class=\"\" href=\"https:\/\/www.dic.social\/es\/la-diversidad-como-riqueza-en-komuner-y-en-todas-las-organizaciones\/\"> <span class=\"screen-reader-text\">La diversidad como riqueza en Komuner y en todas las organizaciones<\/span> Leer m\u00e1s \u00bb<\/a><\/p>\n","protected":false},"author":3,"featured_media":4242,"comment_status":"open","ping_status":"open","sticky":false,"template":"","format":"standard","meta":{"inline_featured_image":false},"categories":[63],"tags":[],"yoast_head":"<!-- This site is optimized with the Yoast SEO plugin v19.4 - https:\/\/yoast.com\/wordpress\/plugins\/seo\/ -->\n<title>La diversidad como riqueza en Komuner y en todas las organizaciones - Dic<\/title>\n<meta name=\"robots\" content=\"index, follow, max-snippet:-1, max-image-preview:large, max-video-preview:-1\" \/>\n<link rel=\"canonical\" href=\"https:\/\/www.dic.social\/es\/la-diversidad-como-riqueza-en-komuner-y-en-todas-las-organizaciones\/\" \/>\n<meta property=\"og:locale\" content=\"es_ES\" \/>\n<meta property=\"og:type\" content=\"article\" \/>\n<meta property=\"og:title\" content=\"La diversidad como riqueza en Komuner y en todas las organizaciones - Dic\" \/>\n<meta property=\"og:description\" content=\"Y que tengo que decir sobre el valor que le doy a la diversidad? si incluso fue origen de mi nombre!!! \u00abSi buscas resultados distintos no hagas siempre el mismo\u00bb Albert Einstein Y esta es la riqueza, la diversidad permite adaptaci\u00f3n y la adaptaci\u00f3n hoy en d\u00eda es sin\u00f3nimo de supervivencia. Y que necesitamos para &hellip; La diversidad como riqueza en Komuner y en todas las organizaciones Leer m\u00e1s \u00bb\" \/>\n<meta property=\"og:url\" content=\"https:\/\/www.dic.social\/es\/la-diversidad-como-riqueza-en-komuner-y-en-todas-las-organizaciones\/\" \/>\n<meta property=\"og:site_name\" content=\"Dic\" \/>\n<meta property=\"article:published_time\" content=\"2021-03-11T06:28:00+00:00\" \/>\n<meta property=\"article:modified_time\" content=\"2021-03-11T06:32:14+00:00\" \/>\n<meta property=\"og:image\" content=\"https:\/\/www.dic.social\/wp-content\/uploads\/2020\/10\/diversidad.jpg\" \/>\n\t<meta property=\"og:image:width\" content=\"225\" \/>\n\t<meta property=\"og:image:height\" content=\"225\" \/>\n\t<meta property=\"og:image:type\" content=\"image\/jpeg\" \/>\n<meta name=\"author\" content=\"Nuria\" \/>\n<meta name=\"twitter:card\" content=\"summary_large_image\" \/>\n<meta name=\"twitter:label1\" content=\"Escrito por\" \/>\n\t<meta name=\"twitter:data1\" content=\"Nuria\" \/>\n\t<meta name=\"twitter:label2\" content=\"Tiempo de lectura\" \/>\n\t<meta name=\"twitter:data2\" content=\"1 minuto\" \/>\n<script type=\"application\/ld+json\" class=\"yoast-schema-graph\">{\"@context\":\"https:\/\/schema.org\",\"@graph\":[{\"@type\":\"Organization\",\"@id\":\"https:\/\/www.dic.social\/#organization\",\"name\":\"Dic\",\"url\":\"https:\/\/www.dic.social\/\",\"sameAs\":[],\"logo\":{\"@type\":\"ImageObject\",\"inLanguage\":\"es\",\"@id\":\"https:\/\/www.dic.social\/#\/schema\/logo\/image\/\",\"url\":\"https:\/\/www.dic.social\/wp-content\/uploads\/2021\/10\/cropped-cropped-LogoDicRectangulo.png\",\"contentUrl\":\"https:\/\/www.dic.social\/wp-content\/uploads\/2021\/10\/cropped-cropped-LogoDicRectangulo.png\",\"width\":780,\"height\":390,\"caption\":\"Dic\"},\"image\":{\"@id\":\"https:\/\/www.dic.social\/#\/schema\/logo\/image\/\"}},{\"@type\":\"WebSite\",\"@id\":\"https:\/\/www.dic.social\/#website\",\"url\":\"https:\/\/www.dic.social\/\",\"name\":\"Dic\",\"description\":\"Dic Inclusi\u00f3n Social\",\"publisher\":{\"@id\":\"https:\/\/www.dic.social\/#organization\"},\"potentialAction\":[{\"@type\":\"SearchAction\",\"target\":{\"@type\":\"EntryPoint\",\"urlTemplate\":\"https:\/\/www.dic.social\/?s={search_term_string}\"},\"query-input\":\"required name=search_term_string\"}],\"inLanguage\":\"es\"},{\"@type\":\"WebPage\",\"@id\":\"https:\/\/www.dic.social\/es\/la-diversidad-como-riqueza-en-komuner-y-en-todas-las-organizaciones\/\",\"url\":\"https:\/\/www.dic.social\/es\/la-diversidad-como-riqueza-en-komuner-y-en-todas-las-organizaciones\/\",\"name\":\"La diversidad como riqueza en Komuner y en todas las organizaciones - Dic\",\"isPartOf\":{\"@id\":\"https:\/\/www.dic.social\/#website\"},\"datePublished\":\"2021-03-11T06:28:00+00:00\",\"dateModified\":\"2021-03-11T06:32:14+00:00\",\"breadcrumb\":{\"@id\":\"https:\/\/www.dic.social\/es\/la-diversidad-como-riqueza-en-komuner-y-en-todas-las-organizaciones\/#breadcrumb\"},\"inLanguage\":\"es\",\"potentialAction\":[{\"@type\":\"ReadAction\",\"target\":[\"https:\/\/www.dic.social\/es\/la-diversidad-como-riqueza-en-komuner-y-en-todas-las-organizaciones\/\"]}]},{\"@type\":\"BreadcrumbList\",\"@id\":\"https:\/\/www.dic.social\/es\/la-diversidad-como-riqueza-en-komuner-y-en-todas-las-organizaciones\/#breadcrumb\",\"itemListElement\":[{\"@type\":\"ListItem\",\"position\":1,\"name\":\"Inici\",\"item\":\"https:\/\/www.dic.social\/\"},{\"@type\":\"ListItem\",\"position\":2,\"name\":\"La diversidad como riqueza en Komuner y en todas las organizaciones\"}]},{\"@type\":\"Article\",\"@id\":\"https:\/\/www.dic.social\/es\/la-diversidad-como-riqueza-en-komuner-y-en-todas-las-organizaciones\/#article\",\"isPartOf\":{\"@id\":\"https:\/\/www.dic.social\/es\/la-diversidad-como-riqueza-en-komuner-y-en-todas-las-organizaciones\/\"},\"author\":{\"name\":\"Nuria\",\"@id\":\"https:\/\/www.dic.social\/#\/schema\/person\/5dc1e6648231d97d2e9bb42d0096add4\"},\"headline\":\"La diversidad como riqueza en Komuner y en todas las organizaciones\",\"datePublished\":\"2021-03-11T06:28:00+00:00\",\"dateModified\":\"2021-03-11T06:32:14+00:00\",\"mainEntityOfPage\":{\"@id\":\"https:\/\/www.dic.social\/es\/la-diversidad-como-riqueza-en-komuner-y-en-todas-las-organizaciones\/\"},\"wordCount\":177,\"commentCount\":0,\"publisher\":{\"@id\":\"https:\/\/www.dic.social\/#organization\"},\"articleSection\":[\"Sin categorizar\"],\"inLanguage\":\"es\",\"potentialAction\":[{\"@type\":\"CommentAction\",\"name\":\"Comment\",\"target\":[\"https:\/\/www.dic.social\/es\/la-diversidad-como-riqueza-en-komuner-y-en-todas-las-organizaciones\/#respond\"]}]},{\"@type\":\"Person\",\"@id\":\"https:\/\/www.dic.social\/#\/schema\/person\/5dc1e6648231d97d2e9bb42d0096add4\",\"name\":\"Nuria\",\"image\":{\"@type\":\"ImageObject\",\"inLanguage\":\"es\",\"@id\":\"https:\/\/www.dic.social\/#\/schema\/person\/image\/\",\"url\":\"https:\/\/secure.gravatar.com\/avatar\/5e8f560e3f7c722315c8d2fcd033d4b6?s=96&d=mm&r=g\",\"contentUrl\":\"https:\/\/secure.gravatar.com\/avatar\/5e8f560e3f7c722315c8d2fcd033d4b6?s=96&d=mm&r=g\",\"caption\":\"Nuria\"},\"url\":\"https:\/\/www.dic.social\/es\/author\/nuria\/\"}]}<\/script>\n<!-- \/ Yoast SEO plugin. -->","yoast_head_json":{"title":"La diversidad como riqueza en Komuner y en todas las organizaciones - Dic","robots":{"index":"index","follow":"follow","max-snippet":"max-snippet:-1","max-image-preview":"max-image-preview:large","max-video-preview":"max-video-preview:-1"},"canonical":"https:\/\/www.dic.social\/es\/la-diversidad-como-riqueza-en-komuner-y-en-todas-las-organizaciones\/","og_locale":"es_ES","og_type":"article","og_title":"La diversidad como riqueza en Komuner y en todas las organizaciones - Dic","og_description":"Y que tengo que decir sobre el valor que le doy a la diversidad? si incluso fue origen de mi nombre!!! \u00abSi buscas resultados distintos no hagas siempre el mismo\u00bb Albert Einstein Y esta es la riqueza, la diversidad permite adaptaci\u00f3n y la adaptaci\u00f3n hoy en d\u00eda es sin\u00f3nimo de supervivencia. Y que necesitamos para &hellip; La diversidad como riqueza en Komuner y en todas las organizaciones Leer m\u00e1s \u00bb","og_url":"https:\/\/www.dic.social\/es\/la-diversidad-como-riqueza-en-komuner-y-en-todas-las-organizaciones\/","og_site_name":"Dic","article_published_time":"2021-03-11T06:28:00+00:00","article_modified_time":"2021-03-11T06:32:14+00:00","og_image":[{"width":225,"height":225,"url":"https:\/\/www.dic.social\/wp-content\/uploads\/2020\/10\/diversidad.jpg","type":"image\/jpeg"}],"author":"Nuria","twitter_card":"summary_large_image","twitter_misc":{"Escrito por":"Nuria","Tiempo de lectura":"1 minuto"},"schema":{"@context":"https:\/\/schema.org","@graph":[{"@type":"Organization","@id":"https:\/\/www.dic.social\/#organization","name":"Dic","url":"https:\/\/www.dic.social\/","sameAs":[],"logo":{"@type":"ImageObject","inLanguage":"es","@id":"https:\/\/www.dic.social\/#\/schema\/logo\/image\/","url":"https:\/\/www.dic.social\/wp-content\/uploads\/2021\/10\/cropped-cropped-LogoDicRectangulo.png","contentUrl":"https:\/\/www.dic.social\/wp-content\/uploads\/2021\/10\/cropped-cropped-LogoDicRectangulo.png","width":780,"height":390,"caption":"Dic"},"image":{"@id":"https:\/\/www.dic.social\/#\/schema\/logo\/image\/"}},{"@type":"WebSite","@id":"https:\/\/www.dic.social\/#website","url":"https:\/\/www.dic.social\/","name":"Dic","description":"Dic Inclusi\u00f3n Social","publisher":{"@id":"https:\/\/www.dic.social\/#organization"},"potentialAction":[{"@type":"SearchAction","target":{"@type":"EntryPoint","urlTemplate":"https:\/\/www.dic.social\/?s={search_term_string}"},"query-input":"required name=search_term_string"}],"inLanguage":"es"},{"@type":"WebPage","@id":"https:\/\/www.dic.social\/es\/la-diversidad-como-riqueza-en-komuner-y-en-todas-las-organizaciones\/","url":"https:\/\/www.dic.social\/es\/la-diversidad-como-riqueza-en-komuner-y-en-todas-las-organizaciones\/","name":"La diversidad como riqueza en Komuner y en todas las organizaciones - Dic","isPartOf":{"@id":"https:\/\/www.dic.social\/#website"},"datePublished":"2021-03-11T06:28:00+00:00","dateModified":"2021-03-11T06:32:14+00:00","breadcrumb":{"@id":"https:\/\/www.dic.social\/es\/la-diversidad-como-riqueza-en-komuner-y-en-todas-las-organizaciones\/#breadcrumb"},"inLanguage":"es","potentialAction":[{"@type":"ReadAction","target":["https:\/\/www.dic.social\/es\/la-diversidad-como-riqueza-en-komuner-y-en-todas-las-organizaciones\/"]}]},{"@type":"BreadcrumbList","@id":"https:\/\/www.dic.social\/es\/la-diversidad-como-riqueza-en-komuner-y-en-todas-las-organizaciones\/#breadcrumb","itemListElement":[{"@type":"ListItem","position":1,"name":"Inici","item":"https:\/\/www.dic.social\/"},{"@type":"ListItem","position":2,"name":"La diversidad como riqueza en Komuner y en todas las organizaciones"}]},{"@type":"Article","@id":"https:\/\/www.dic.social\/es\/la-diversidad-como-riqueza-en-komuner-y-en-todas-las-organizaciones\/#article","isPartOf":{"@id":"https:\/\/www.dic.social\/es\/la-diversidad-como-riqueza-en-komuner-y-en-todas-las-organizaciones\/"},"author":{"name":"Nuria","@id":"https:\/\/www.dic.social\/#\/schema\/person\/5dc1e6648231d97d2e9bb42d0096add4"},"headline":"La diversidad como riqueza en Komuner y en todas las organizaciones","datePublished":"2021-03-11T06:28:00+00:00","dateModified":"2021-03-11T06:32:14+00:00","mainEntityOfPage":{"@id":"https:\/\/www.dic.social\/es\/la-diversidad-como-riqueza-en-komuner-y-en-todas-las-organizaciones\/"},"wordCount":177,"commentCount":0,"publisher":{"@id":"https:\/\/www.dic.social\/#organization"},"articleSection":["Sin categorizar"],"inLanguage":"es","potentialAction":[{"@type":"CommentAction","name":"Comment","target":["https:\/\/www.dic.social\/es\/la-diversidad-como-riqueza-en-komuner-y-en-todas-las-organizaciones\/#respond"]}]},{"@type":"Person","@id":"https:\/\/www.dic.social\/#\/schema\/person\/5dc1e6648231d97d2e9bb42d0096add4","name":"Nuria","image":{"@type":"ImageObject","inLanguage":"es","@id":"https:\/\/www.dic.social\/#\/schema\/person\/image\/","url":"https:\/\/secure.gravatar.com\/avatar\/5e8f560e3f7c722315c8d2fcd033d4b6?s=96&d=mm&r=g","contentUrl":"https:\/\/secure.gravatar.com\/avatar\/5e8f560e3f7c722315c8d2fcd033d4b6?s=96&d=mm&r=g","caption":"Nuria"},"url":"https:\/\/www.dic.social\/es\/author\/nuria\/"}]}},"_links":{"self":[{"href":"https:\/\/www.dic.social\/es\/wp-json\/wp\/v2\/posts\/4237"}],"collection":[{"href":"https:\/\/www.dic.social\/es\/wp-json\/wp\/v2\/posts"}],"about":[{"href":"https:\/\/www.dic.social\/es\/wp-json\/wp\/v2\/types\/post"}],"author":[{"embeddable":true,"href":"https:\/\/www.dic.social\/es\/wp-json\/wp\/v2\/users\/3"}],"replies":[{"embeddable":true,"href":"https:\/\/www.dic.social\/es\/wp-json\/wp\/v2\/comments?post=4237"}],"version-history":[{"count":4,"href":"https:\/\/www.dic.social\/es\/wp-json\/wp\/v2\/posts\/4237\/revisions"}],"predecessor-version":[{"id":4740,"href":"https:\/\/www.dic.social\/es\/wp-json\/wp\/v2\/posts\/4237\/revisions\/4740"}],"wp:featuredmedia":[{"embeddable":true,"href":"https:\/\/www.dic.social\/es\/wp-json\/wp\/v2\/media\/4242"}],"wp:attachment":[{"href":"https:\/\/www.dic.social\/es\/wp-json\/wp\/v2\/media?parent=4237"}],"wp:term":[{"taxonomy":"category","embeddable":true,"href":"https:\/\/www.dic.social\/es\/wp-json\/wp\/v2\/categories?post=4237"},{"taxonomy":"post_tag","embeddable":true,"href":"https:\/\/www.dic.social\/es\/wp-json\/wp\/v2\/tags?post=4237"}],"curies":[{"name":"wp","href":"https:\/\/api.w.org\/{rel}","templated":true}]}}